{"id":1698,"date":"2015-07-15T14:18:00","date_gmt":"2015-07-15T17:18:00","guid":{"rendered":"http:\/\/fotosurf.com.br\/surf\/fotos\/?p=1698"},"modified":"2015-07-15T15:33:50","modified_gmt":"2015-07-15T18:33:50","slug":"fotos-baleia-e-vista-na-praia-do-leme-na-zona-sul-do-rio","status":"publish","type":"post","link":"http:\/\/fotosurf.com.br\/surf\/fotos\/index.php\/2015\/07\/galerias\/fotos-baleia-e-vista-na-praia-do-leme-na-zona-sul-do-rio\/","title":{"rendered":"FOTOS &#8211; Baleia \u00e9 vista na Praia do Leme, na Zona Sul do Rio"},"content":{"rendered":"<div class='photo-galleria' ><div id='gallery-1' class='gallery galleryid-1698 gallery-columns-4 gallery-size-colormag-featured-image'><figure class='gallery-item'>\n\t\t\t<div class='gallery-icon landscape'>\n\t\t\t\t<a href='http:\/\/fotosurf.com.br\/surf\/fotos\/imagem\/2015\/07\/Filhote-de-baleia-jubarte-preso-a-redes-de-pesca-na-praia-do-Leme-na-Zona-Sul-do-Rio-Foto-Surf-1.jpg' title='Filhote-de-baleia-jubarte-preso-a-redes-de-pesca-na-praia-do-Leme-na-Zona-Sul-do-Rio-Foto-Surf-1'><img width=\"780\" height=\"445\" src=\"http:\/\/fotosurf.com.br\/surf\/fotos\/imagem\/2015\/07\/Filhote-de-baleia-jubarte-preso-a-redes-de-pesca-na-praia-do-Leme-na-Zona-Sul-do-Rio-Foto-Surf-1.jpg\" class=\"attachment-colormag-featured-image size-colormag-featured-image\" alt=\"Animal estava preso em redes de pesca na Praia do Leme. Pescadores e policiais conseguiram libertar o filhote de jubarte\" loading=\"lazy\" srcset=\"http:\/\/fotosurf.com.br\/surf\/fotos\/imagem\/2015\/07\/Filhote-de-baleia-jubarte-preso-a-redes-de-pesca-na-praia-do-Leme-na-Zona-Sul-do-Rio-Foto-Surf-1.jpg 940w, http:\/\/fotosurf.com.br\/surf\/fotos\/imagem\/2015\/07\/Filhote-de-baleia-jubarte-preso-a-redes-de-pesca-na-praia-do-Leme-na-Zona-Sul-do-Rio-Foto-Surf-1-600x342.jpg 600w\" sizes=\"(max-width: 780px) 100vw, 780px\" \/><\/a>\n\t\t\t<\/div>\n\t\t\t\t<figcaption class='wp-caption-text gallery-caption' id='gallery-1-1706'>\n\t\t\t\tSegundo informa\u00e7\u00f5es do Corpo de Bombeiros, filhote estaria envolto numa rede de pesca, na \u00e1gua, a 500 metros da areia\n\nCarlos Eduardo Cardoso \/ Ag\u00eancia O Dia\n\t\t\t\t<\/figcaption><\/figure><figure class='gallery-item'>\n\t\t\t<div class='gallery-icon landscape'>\n\t\t\t\t<a href='http:\/\/fotosurf.com.br\/surf\/fotos\/imagem\/2015\/07\/Filhote-de-baleia-jubarte-preso-a-redes-de-pesca-na-praia-do-Leme-na-Zona-Sul-do-Rio-Foto-Surf-8.jpg' title='Filhote-de-baleia-jubarte-preso-a-redes-de-pesca-na-praia-do-Leme-na-Zona-Sul-do-Rio-Foto-Surf-8'><img width=\"780\" height=\"445\" src=\"http:\/\/fotosurf.com.br\/surf\/fotos\/imagem\/2015\/07\/Filhote-de-baleia-jubarte-preso-a-redes-de-pesca-na-praia-do-Leme-na-Zona-Sul-do-Rio-Foto-Surf-8.jpg\" class=\"attachment-colormag-featured-image size-colormag-featured-image\" alt=\"Animal estava preso em redes de pesca na Praia do Leme. Pescadores e policiais conseguiram libertar o filhote de jubarte\" loading=\"lazy\" srcset=\"http:\/\/fotosurf.com.br\/surf\/fotos\/imagem\/2015\/07\/Filhote-de-baleia-jubarte-preso-a-redes-de-pesca-na-praia-do-Leme-na-Zona-Sul-do-Rio-Foto-Surf-8.jpg 940w, http:\/\/fotosurf.com.br\/surf\/fotos\/imagem\/2015\/07\/Filhote-de-baleia-jubarte-preso-a-redes-de-pesca-na-praia-do-Leme-na-Zona-Sul-do-Rio-Foto-Surf-8-600x342.jpg 600w\" sizes=\"(max-width: 780px) 100vw, 780px\" \/><\/a>\n\t\t\t<\/div>\n\t\t\t\t<figcaption class='wp-caption-text gallery-caption' id='gallery-1-1699'>\n\t\t\t\tFilhote de baleia chegou ao Rio nesta quinta. Banhistas acharam que animal estava preso em rede de pescadores, mas ele deixou local nadando em dire\u00e7\u00e3o ao alto mar\n\nLevy Ribeiro \/ Ag\u00eancia O Dia\n\t\t\t\t<\/figcaption><\/figure><figure class='gallery-item'>\n\t\t\t<div class='gallery-icon landscape'>\n\t\t\t\t<a href='http:\/\/fotosurf.com.br\/surf\/fotos\/imagem\/2015\/07\/Filhote-de-baleia-jubarte-preso-a-redes-de-pesca-na-praia-do-Leme-na-Zona-Sul-do-Rio-Foto-Surf-7.jpg' title='Filhote-de-baleia-jubarte-preso-a-redes-de-pesca-na-praia-do-Leme-na-Zona-Sul-do-Rio-Foto-Surf-7'><img width=\"780\" height=\"445\" src=\"http:\/\/fotosurf.com.br\/surf\/fotos\/imagem\/2015\/07\/Filhote-de-baleia-jubarte-preso-a-redes-de-pesca-na-praia-do-Leme-na-Zona-Sul-do-Rio-Foto-Surf-7.jpg\" class=\"attachment-colormag-featured-image size-colormag-featured-image\" alt=\"Animal estava preso em redes de pesca na Praia do Leme. Pescadores e policiais conseguiram libertar o filhote de jubarte\" loading=\"lazy\" srcset=\"http:\/\/fotosurf.com.br\/surf\/fotos\/imagem\/2015\/07\/Filhote-de-baleia-jubarte-preso-a-redes-de-pesca-na-praia-do-Leme-na-Zona-Sul-do-Rio-Foto-Surf-7.jpg 940w, http:\/\/fotosurf.com.br\/surf\/fotos\/imagem\/2015\/07\/Filhote-de-baleia-jubarte-preso-a-redes-de-pesca-na-praia-do-Leme-na-Zona-Sul-do-Rio-Foto-Surf-7-600x342.jpg 600w\" sizes=\"(max-width: 780px) 100vw, 780px\" \/><\/a>\n\t\t\t<\/div>\n\t\t\t\t<figcaption class='wp-caption-text gallery-caption' id='gallery-1-1700'>\n\t\t\t\tSegundo informa\u00e7\u00f5es do Corpo de Bombeiros, filhote estaria envolto numa rede de pesca, na \u00e1gua, a 500 metros da areia\n\nCarlos Eduardo Cardoso \/ Ag\u00eancia O Dia\n\t\t\t\t<\/figcaption><\/figure><figure class='gallery-item'>\n\t\t\t<div class='gallery-icon landscape'>\n\t\t\t\t<a href='http:\/\/fotosurf.com.br\/surf\/fotos\/imagem\/2015\/07\/Filhote-de-baleia-jubarte-preso-a-redes-de-pesca-na-praia-do-Leme-na-Zona-Sul-do-Rio-Foto-Surf-6.jpg' title='Filhote-de-baleia-jubarte-preso-a-redes-de-pesca-na-praia-do-Leme-na-Zona-Sul-do-Rio-Foto-Surf-6'><img width=\"780\" height=\"445\" src=\"http:\/\/fotosurf.com.br\/surf\/fotos\/imagem\/2015\/07\/Filhote-de-baleia-jubarte-preso-a-redes-de-pesca-na-praia-do-Leme-na-Zona-Sul-do-Rio-Foto-Surf-6.jpg\" class=\"attachment-colormag-featured-image size-colormag-featured-image\" alt=\"Animal estava preso em redes de pesca na Praia do Leme. Pescadores e policiais conseguiram libertar o filhote de jubarte\" loading=\"lazy\" srcset=\"http:\/\/fotosurf.com.br\/surf\/fotos\/imagem\/2015\/07\/Filhote-de-baleia-jubarte-preso-a-redes-de-pesca-na-praia-do-Leme-na-Zona-Sul-do-Rio-Foto-Surf-6.jpg 940w, http:\/\/fotosurf.com.br\/surf\/fotos\/imagem\/2015\/07\/Filhote-de-baleia-jubarte-preso-a-redes-de-pesca-na-praia-do-Leme-na-Zona-Sul-do-Rio-Foto-Surf-6-600x342.jpg 600w\" sizes=\"(max-width: 780px) 100vw, 780px\" \/><\/a>\n\t\t\t<\/div>\n\t\t\t\t<figcaption class='wp-caption-text gallery-caption' id='gallery-1-1701'>\n\t\t\t\tFilhote de baleia chegou ao Rio nesta quinta. Banhistas acharam que animal estava preso em rede de pescadores, mas ele deixou local nadando em dire\u00e7\u00e3o ao alto mar\n\nLevy Ribeiro \/ Ag\u00eancia O Dia\n\t\t\t\t<\/figcaption><\/figure><figure class='gallery-item'>\n\t\t\t<div class='gallery-icon landscape'>\n\t\t\t\t<a href='http:\/\/fotosurf.com.br\/surf\/fotos\/imagem\/2015\/07\/Filhote-de-baleia-jubarte-preso-a-redes-de-pesca-na-praia-do-Leme-na-Zona-Sul-do-Rio-Foto-Surf-5.jpg' title='Filhote-de-baleia-jubarte-preso-a-redes-de-pesca-na-praia-do-Leme-na-Zona-Sul-do-Rio-Foto-Surf-5'><img width=\"780\" height=\"445\" src=\"http:\/\/fotosurf.com.br\/surf\/fotos\/imagem\/2015\/07\/Filhote-de-baleia-jubarte-preso-a-redes-de-pesca-na-praia-do-Leme-na-Zona-Sul-do-Rio-Foto-Surf-5.jpg\" class=\"attachment-colormag-featured-image size-colormag-featured-image\" alt=\"Animal estava preso em redes de pesca na Praia do Leme. Pescadores e policiais conseguiram libertar o filhote de jubarte\" loading=\"lazy\" srcset=\"http:\/\/fotosurf.com.br\/surf\/fotos\/imagem\/2015\/07\/Filhote-de-baleia-jubarte-preso-a-redes-de-pesca-na-praia-do-Leme-na-Zona-Sul-do-Rio-Foto-Surf-5.jpg 940w, http:\/\/fotosurf.com.br\/surf\/fotos\/imagem\/2015\/07\/Filhote-de-baleia-jubarte-preso-a-redes-de-pesca-na-praia-do-Leme-na-Zona-Sul-do-Rio-Foto-Surf-5-600x342.jpg 600w\" sizes=\"(max-width: 780px) 100vw, 780px\" \/><\/a>\n\t\t\t<\/div>\n\t\t\t\t<figcaption class='wp-caption-text gallery-caption' id='gallery-1-1702'>\n\t\t\t\tSegundo informa\u00e7\u00f5es do Corpo de Bombeiros, filhote estaria envolto numa rede de pesca, na \u00e1gua, a 500 metros da areia\n\nCarlos Eduardo Cardoso \/ Ag\u00eancia O Dia\n\t\t\t\t<\/figcaption><\/figure><figure class='gallery-item'>\n\t\t\t<div class='gallery-icon landscape'>\n\t\t\t\t<a href='http:\/\/fotosurf.com.br\/surf\/fotos\/imagem\/2015\/07\/Filhote-de-baleia-jubarte-preso-a-redes-de-pesca-na-praia-do-Leme-na-Zona-Sul-do-Rio-Foto-Surf-4.jpg' title='Filhote-de-baleia-jubarte-preso-a-redes-de-pesca-na-praia-do-Leme-na-Zona-Sul-do-Rio-Foto-Surf-4'><img width=\"780\" height=\"445\" src=\"http:\/\/fotosurf.com.br\/surf\/fotos\/imagem\/2015\/07\/Filhote-de-baleia-jubarte-preso-a-redes-de-pesca-na-praia-do-Leme-na-Zona-Sul-do-Rio-Foto-Surf-4.jpg\" class=\"attachment-colormag-featured-image size-colormag-featured-image\" alt=\"Animal estava preso em redes de pesca na Praia do Leme. Pescadores e policiais conseguiram libertar o filhote de jubarte\" loading=\"lazy\" srcset=\"http:\/\/fotosurf.com.br\/surf\/fotos\/imagem\/2015\/07\/Filhote-de-baleia-jubarte-preso-a-redes-de-pesca-na-praia-do-Leme-na-Zona-Sul-do-Rio-Foto-Surf-4.jpg 940w, http:\/\/fotosurf.com.br\/surf\/fotos\/imagem\/2015\/07\/Filhote-de-baleia-jubarte-preso-a-redes-de-pesca-na-praia-do-Leme-na-Zona-Sul-do-Rio-Foto-Surf-4-600x342.jpg 600w\" sizes=\"(max-width: 780px) 100vw, 780px\" \/><\/a>\n\t\t\t<\/div>\n\t\t\t\t<figcaption class='wp-caption-text gallery-caption' id='gallery-1-1703'>\n\t\t\t\tFilhote de baleia chegou ao Rio nesta quinta. Banhistas acharam que animal estava preso em rede de pescadores, mas ele deixou local nadando em dire\u00e7\u00e3o ao alto mar\n\nLevy Ribeiro \/ Ag\u00eancia O Dia\n\t\t\t\t<\/figcaption><\/figure><figure class='gallery-item'>\n\t\t\t<div class='gallery-icon landscape'>\n\t\t\t\t<a href='http:\/\/fotosurf.com.br\/surf\/fotos\/imagem\/2015\/07\/Filhote-de-baleia-jubarte-preso-a-redes-de-pesca-na-praia-do-Leme-na-Zona-Sul-do-Rio-Foto-Surf-3.jpg' title='Filhote-de-baleia-jubarte-preso-a-redes-de-pesca-na-praia-do-Leme-na-Zona-Sul-do-Rio-Foto-Surf-3'><img width=\"780\" height=\"445\" src=\"http:\/\/fotosurf.com.br\/surf\/fotos\/imagem\/2015\/07\/Filhote-de-baleia-jubarte-preso-a-redes-de-pesca-na-praia-do-Leme-na-Zona-Sul-do-Rio-Foto-Surf-3.jpg\" class=\"attachment-colormag-featured-image size-colormag-featured-image\" alt=\"Animal estava preso em redes de pesca na Praia do Leme. Pescadores e policiais conseguiram libertar o filhote de jubarte\" loading=\"lazy\" srcset=\"http:\/\/fotosurf.com.br\/surf\/fotos\/imagem\/2015\/07\/Filhote-de-baleia-jubarte-preso-a-redes-de-pesca-na-praia-do-Leme-na-Zona-Sul-do-Rio-Foto-Surf-3.jpg 940w, http:\/\/fotosurf.com.br\/surf\/fotos\/imagem\/2015\/07\/Filhote-de-baleia-jubarte-preso-a-redes-de-pesca-na-praia-do-Leme-na-Zona-Sul-do-Rio-Foto-Surf-3-600x342.jpg 600w\" sizes=\"(max-width: 780px) 100vw, 780px\" \/><\/a>\n\t\t\t<\/div>\n\t\t\t\t<figcaption class='wp-caption-text gallery-caption' id='gallery-1-1704'>\n\t\t\t\tSegundo informa\u00e7\u00f5es do Corpo de Bombeiros, filhote estaria envolto numa rede de pesca, na \u00e1gua, a 500 metros da areia\n\nCarlos Eduardo Cardoso \/ Ag\u00eancia O Dia\n\t\t\t\t<\/figcaption><\/figure><figure class='gallery-item'>\n\t\t\t<div class='gallery-icon landscape'>\n\t\t\t\t<a href='http:\/\/fotosurf.com.br\/surf\/fotos\/imagem\/2015\/07\/Filhote-de-baleia-jubarte-preso-a-redes-de-pesca-na-praia-do-Leme-na-Zona-Sul-do-Rio-Foto-Surf-2.jpg' title='Filhote-de-baleia-jubarte-preso-a-redes-de-pesca-na-praia-do-Leme-na-Zona-Sul-do-Rio-Foto-Surf-2'><img width=\"780\" height=\"445\" src=\"http:\/\/fotosurf.com.br\/surf\/fotos\/imagem\/2015\/07\/Filhote-de-baleia-jubarte-preso-a-redes-de-pesca-na-praia-do-Leme-na-Zona-Sul-do-Rio-Foto-Surf-2.jpg\" class=\"attachment-colormag-featured-image size-colormag-featured-image\" alt=\"Animal estava preso em redes de pesca na Praia do Leme. Pescadores e policiais conseguiram libertar o filhote de jubarte\" loading=\"lazy\" srcset=\"http:\/\/fotosurf.com.br\/surf\/fotos\/imagem\/2015\/07\/Filhote-de-baleia-jubarte-preso-a-redes-de-pesca-na-praia-do-Leme-na-Zona-Sul-do-Rio-Foto-Surf-2.jpg 940w, http:\/\/fotosurf.com.br\/surf\/fotos\/imagem\/2015\/07\/Filhote-de-baleia-jubarte-preso-a-redes-de-pesca-na-praia-do-Leme-na-Zona-Sul-do-Rio-Foto-Surf-2-600x342.jpg 600w\" sizes=\"(max-width: 780px) 100vw, 780px\" \/><\/a>\n\t\t\t<\/div>\n\t\t\t\t<figcaption class='wp-caption-text gallery-caption' id='gallery-1-1705'>\n\t\t\t\tSegundo informa\u00e7\u00f5es do Corpo de Bombeiros, filhote estaria envolto numa rede de pesca, na \u00e1gua, a 500 metros da areia\n\nCarlos Eduardo Cardoso \/ Ag\u00eancia O Dia\n\t\t\t\t<\/figcaption><\/figure>\n\t\t<\/div>\n<\/div><!-- .photo-galleria -->\n<p>&nbsp;<\/p>\n<p>Na manh\u00e3 da ultima sexta-feira (10) a orla da praia do Leme recebeu uma visita mais que especial, um filhote de baleia Jubarte deu o ar da gra\u00e7a, mas apesar da cena curiosa, a situa\u00e7\u00e3o do animal era complicada. Policiais da 7\u00aa Unidade do Comando de Policia Ambiental (CPam) foram acionados \u00e0s 9h30 para resgatar o animal, que estava preso a redes de pesca.<\/p>\n<p><strong>Confira <span style=\"text-decoration: underline;\"><span style=\"color: #0000ff;\"><a style=\"color: #0000ff; text-decoration: underline;\" href=\"http:\/\/fotosurf.com.br\/surf\/index.php\/2015\/07\/noticias-surf\/filhote-de-baleia-jubarte-aparece-na-orla-da-zona-sul-do-rio\/\">mat\u00e9ria<\/a><\/span><\/span> completa\u00a0<\/strong><\/p>\n","protected":false},"excerpt":{"rendered":"<p>&nbsp; Na manh\u00e3 da ultima sexta-feira (10) a orla da praia do Leme recebeu uma visita mais que especial, um<\/p>\n","protected":false},"author":1,"featured_media":1706,"comment_status":"open","ping_status":"open","sticky":false,"template":"","format":"standard","meta":[],"categories":[64],"tags":[192,191],"_links":{"self":[{"href":"http:\/\/fotosurf.com.br\/surf\/fotos\/index.php\/wp-json\/wp\/v2\/posts\/1698"}],"collection":[{"href":"http:\/\/fotosurf.com.br\/surf\/fotos\/index.php\/wp-json\/wp\/v2\/posts"}],"about":[{"href":"http:\/\/fotosurf.com.br\/surf\/fotos\/index.php\/wp-json\/wp\/v2\/types\/post"}],"author":[{"embeddable":true,"href":"http:\/\/fotosurf.com.br\/surf\/fotos\/index.php\/wp-json\/wp\/v2\/users\/1"}],"replies":[{"embeddable":true,"href":"http:\/\/fotosurf.com.br\/surf\/fotos\/index.php\/wp-json\/wp\/v2\/comments?post=1698"}],"version-history":[{"count":5,"href":"http:\/\/fotosurf.com.br\/surf\/fotos\/index.php\/wp-json\/wp\/v2\/posts\/1698\/revisions"}],"predecessor-version":[{"id":1711,"href":"http:\/\/fotosurf.com.br\/surf\/fotos\/index.php\/wp-json\/wp\/v2\/posts\/1698\/revisions\/1711"}],"wp:featuredmedia":[{"embeddable":true,"href":"http:\/\/fotosurf.com.br\/surf\/fotos\/index.php\/wp-json\/wp\/v2\/media\/1706"}],"wp:attachment":[{"href":"http:\/\/fotosurf.com.br\/surf\/fotos\/index.php\/wp-json\/wp\/v2\/media?parent=1698"}],"wp:term":[{"taxonomy":"category","embeddable":true,"href":"http:\/\/fotosurf.com.br\/surf\/fotos\/index.php\/wp-json\/wp\/v2\/categories?post=1698"},{"taxonomy":"post_tag","embeddable":true,"href":"http:\/\/fotosurf.com.br\/surf\/fotos\/index.php\/wp-json\/wp\/v2\/tags?post=1698"}],"curies":[{"name":"wp","href":"https:\/\/api.w.org\/{rel}","templated":true}]}}