{"id":1762,"date":"2015-07-29T21:16:48","date_gmt":"2015-07-30T00:16:48","guid":{"rendered":"http:\/\/fotosurf.com.br\/surf\/fotos\/?p=1762"},"modified":"2015-07-30T17:36:16","modified_gmt":"2015-07-30T20:36:16","slug":"a-melhor-onda-da-serie-e-francine-nery","status":"publish","type":"post","link":"http:\/\/fotosurf.com.br\/surf\/fotos\/index.php\/2015\/07\/gatas\/a-melhor-onda-da-serie-e-francine-nery\/","title":{"rendered":"A melhor onda da s\u00e9rie \u00e9 Francine Nery"},"content":{"rendered":"<div class='photo-galleria' ><div id='gallery-1' class='gallery galleryid-1762 gallery-columns-4 gallery-size-colormag-featured-image'><figure class='gallery-item'>\n\t\t\t<div class='gallery-icon portrait'>\n\t\t\t\t<a href='http:\/\/fotosurf.com.br\/surf\/fotos\/imagem\/2015\/07\/Francine-Nery-a-melhor-onda.jpg' title='Francine-Nery-a-melhor-onda'><img width=\"297\" height=\"445\" src=\"http:\/\/fotosurf.com.br\/surf\/fotos\/imagem\/2015\/07\/Francine-Nery-a-melhor-onda.jpg\" class=\"attachment-colormag-featured-image size-colormag-featured-image\" alt=\"Francine Nery a melhor onda da s\u00e9rie\" loading=\"lazy\" srcset=\"http:\/\/fotosurf.com.br\/surf\/fotos\/imagem\/2015\/07\/Francine-Nery-a-melhor-onda.jpg 640w, http:\/\/fotosurf.com.br\/surf\/fotos\/imagem\/2015\/07\/Francine-Nery-a-melhor-onda-400x600.jpg 400w\" sizes=\"(max-width: 297px) 100vw, 297px\" \/><\/a>\n\t\t\t<\/div>\n\t\t\t\t<figcaption class='wp-caption-text gallery-caption' id='gallery-1-1768'>\n\t\t\t\tFrancine Nery \u2013 Barra do Jucu, Vila Velha \u2013 ES. Foto: @tatianapezzinfotografia\n\t\t\t\t<\/figcaption><\/figure><figure class='gallery-item'>\n\t\t\t<div class='gallery-icon portrait'>\n\t\t\t\t<a href='http:\/\/fotosurf.com.br\/surf\/fotos\/imagem\/2015\/07\/2.jpg' title='Francine Nery a melhor onda da s\u00e9rie 1'><img width=\"297\" height=\"445\" src=\"http:\/\/fotosurf.com.br\/surf\/fotos\/imagem\/2015\/07\/2.jpg\" class=\"attachment-colormag-featured-image size-colormag-featured-image\" alt=\"Francine Nery a melhor onda da s\u00e9rie\" loading=\"lazy\" srcset=\"http:\/\/fotosurf.com.br\/surf\/fotos\/imagem\/2015\/07\/2.jpg 640w, http:\/\/fotosurf.com.br\/surf\/fotos\/imagem\/2015\/07\/2-400x600.jpg 400w\" sizes=\"(max-width: 297px) 100vw, 297px\" \/><\/a>\n\t\t\t<\/div>\n\t\t\t\t<figcaption class='wp-caption-text gallery-caption' id='gallery-1-1763'>\n\t\t\t\tFrancine Nery \u2013 Barra do Jucu, Vila Velha \u2013 ES. Foto: @tatianapezzinfotografia\n\t\t\t\t<\/figcaption><\/figure><figure class='gallery-item'>\n\t\t\t<div class='gallery-icon portrait'>\n\t\t\t\t<a href='http:\/\/fotosurf.com.br\/surf\/fotos\/imagem\/2015\/07\/Francine-Nery-a-melhor-onda-de-s\u00e9rie.jpg' title='Francine Nery a melhor onda de s\u00e9rie'><img width=\"297\" height=\"445\" src=\"http:\/\/fotosurf.com.br\/surf\/fotos\/imagem\/2015\/07\/Francine-Nery-a-melhor-onda-de-s\u00e9rie.jpg\" class=\"attachment-colormag-featured-image size-colormag-featured-image\" alt=\"Francine Nery a melhor onda da s\u00e9rie\" loading=\"lazy\" srcset=\"http:\/\/fotosurf.com.br\/surf\/fotos\/imagem\/2015\/07\/Francine-Nery-a-melhor-onda-de-s\u00e9rie.jpg 640w, http:\/\/fotosurf.com.br\/surf\/fotos\/imagem\/2015\/07\/Francine-Nery-a-melhor-onda-de-s\u00e9rie-400x600.jpg 400w\" sizes=\"(max-width: 297px) 100vw, 297px\" \/><\/a>\n\t\t\t<\/div>\n\t\t\t\t<figcaption class='wp-caption-text gallery-caption' id='gallery-1-1764'>\n\t\t\t\tFrancine Nery \u2013 Barra do Jucu, Vila Velha \u2013 ES. Foto: @tatianapezzinfotografia\n\t\t\t\t<\/figcaption><\/figure><figure class='gallery-item'>\n\t\t\t<div class='gallery-icon landscape'>\n\t\t\t\t<a href='http:\/\/fotosurf.com.br\/surf\/fotos\/imagem\/2015\/07\/Francine-Nery-faz-ensaio-pa.jpg' title='Francine-Nery-faz-ensaio-pa'><img width=\"640\" height=\"427\" src=\"http:\/\/fotosurf.com.br\/surf\/fotos\/imagem\/2015\/07\/Francine-Nery-faz-ensaio-pa.jpg\" class=\"attachment-colormag-featured-image size-colormag-featured-image\" alt=\"Francine Nery a melhor onda da s\u00e9rie\" loading=\"lazy\" srcset=\"http:\/\/fotosurf.com.br\/surf\/fotos\/imagem\/2015\/07\/Francine-Nery-faz-ensaio-pa.jpg 640w, http:\/\/fotosurf.com.br\/surf\/fotos\/imagem\/2015\/07\/Francine-Nery-faz-ensaio-pa-600x400.jpg 600w\" sizes=\"(max-width: 640px) 100vw, 640px\" \/><\/a>\n\t\t\t<\/div>\n\t\t\t\t<figcaption class='wp-caption-text gallery-caption' id='gallery-1-1766'>\n\t\t\t\tFrancine Nery \u2013 Barra do Jucu, Vila Velha \u2013 ES. Foto: @tatianapezzinfotografia\n\t\t\t\t<\/figcaption><\/figure><figure class='gallery-item'>\n\t\t\t<div class='gallery-icon portrait'>\n\t\t\t\t<a href='http:\/\/fotosurf.com.br\/surf\/fotos\/imagem\/2015\/07\/Francine-Nery1.jpg' title='Francine-Nery1'><img width=\"343\" height=\"445\" src=\"http:\/\/fotosurf.com.br\/surf\/fotos\/imagem\/2015\/07\/Francine-Nery1.jpg\" class=\"attachment-colormag-featured-image size-colormag-featured-image\" alt=\"Francine Nery a melhor onda da s\u00e9rie\" loading=\"lazy\" srcset=\"http:\/\/fotosurf.com.br\/surf\/fotos\/imagem\/2015\/07\/Francine-Nery1.jpg 640w, http:\/\/fotosurf.com.br\/surf\/fotos\/imagem\/2015\/07\/Francine-Nery1-463x600.jpg 463w\" sizes=\"(max-width: 343px) 100vw, 343px\" \/><\/a>\n\t\t\t<\/div>\n\t\t\t\t<figcaption class='wp-caption-text gallery-caption' id='gallery-1-1770'>\n\t\t\t\tFrancine Nery \u2013 Barra do Jucu, Vila Velha \u2013 ES. Foto: @tatianapezzinfotografia\n\t\t\t\t<\/figcaption><\/figure><figure class='gallery-item'>\n\t\t\t<div class='gallery-icon portrait'>\n\t\t\t\t<a href='http:\/\/fotosurf.com.br\/surf\/fotos\/imagem\/2015\/07\/Francine-Nery-faz-ensaio-para-o-portal-FotoSurf.jpg' title='Francine Nery faz ensaio para o portal FotoSurf'><img width=\"297\" height=\"445\" src=\"http:\/\/fotosurf.com.br\/surf\/fotos\/imagem\/2015\/07\/Francine-Nery-faz-ensaio-para-o-portal-FotoSurf.jpg\" class=\"attachment-colormag-featured-image size-colormag-featured-image\" alt=\"Francine Nery a melhor onda da s\u00e9rie\" loading=\"lazy\" srcset=\"http:\/\/fotosurf.com.br\/surf\/fotos\/imagem\/2015\/07\/Francine-Nery-faz-ensaio-para-o-portal-FotoSurf.jpg 640w, http:\/\/fotosurf.com.br\/surf\/fotos\/imagem\/2015\/07\/Francine-Nery-faz-ensaio-para-o-portal-FotoSurf-400x600.jpg 400w\" sizes=\"(max-width: 297px) 100vw, 297px\" \/><\/a>\n\t\t\t<\/div>\n\t\t\t\t<figcaption class='wp-caption-text gallery-caption' id='gallery-1-1765'>\n\t\t\t\tFrancine Nery \u2013 Barra do Jucu, Vila Velha \u2013 ES. Foto: @tatianapezzinfotografia\n\t\t\t\t<\/figcaption><\/figure>\n\t\t<\/div>\n<\/div><!-- .photo-galleria -->\n<p><strong>Francine Nery<em> \u2013\u00a0<\/em>Barra do Jucu, Vila Velha \u2013 ES. Foto:\u00a0<\/strong><strong><a href=\"https:\/\/instagram.com\/tatianapezzinfotografia\/\" target=\"_blank\">@tatianapezzinfotografia<\/a><\/strong><\/p>\n<p>Francine Nery \u00e9 a nossa melhor onda da s\u00e9rie, Surfista Amadora e Personal Trainer a bela \u00e9 apaixonada por esportes radicais e ama atividade f\u00edsica.\u00a0Al\u00e9m de fazer bonito como modelo moda praia,\u00a0Francine tamb\u00e9m \u00e9 praticante de \u201c<a href=\"http:\/\/fotosurf.com.br\/surf\/index.php\/2014\/12\/variedades-surf\/altinha-e-moda-do-puc-surf-no-rio-de-janeiro\/\" target=\"_blank\">Altinha<\/a>\u201d esporte muito praticado e comum nas rodinhas de amigos que trocam passes sem deixar a bola cair e tomam conta das praias. Em outros lugares do Brasil a pr\u00e1tica tamb\u00e9m cresce, mas o nome varia: embaixadinhas, controle, sal\u00e3o.<\/p>\n<p>J\u00e1 deu para perceber que a loira \u00e9 atividade 100% e vem nos brindar com um belo ensaio realizado para a marca de biquinis\u00a0<strong><a href=\"http:\/\/www.hulahula.com.br\/\" target=\"_blank\">HulaHula<\/a> <\/strong>sob\u00a0as lentes da fot\u00f3grafa <strong><a href=\"https:\/\/instagram.com\/tatianapezzinfotografia\/\" target=\"_blank\">Tatiana Pezzin<\/a>\u00a0<\/strong>na praia\u00a0Barra do Jucu, Vila Velha \u2013 ES<\/p>\n<p>Confira <span style=\"text-decoration: underline; color: #0000ff;\"><strong><a style=\"color: #0000ff; text-decoration: underline;\" href=\"http:\/\/fotosurf.com.br\/surf\/index.php\/2015\/07\/fotos-gatinhas\/francine-nery-a-melhor-onda-da-serie\/\">entrevista <\/a><\/strong><\/span>com a bela\u00a0<strong>Francine Nery<\/strong><\/p>\n","protected":false},"excerpt":{"rendered":"<p>Francine Nery \u2013\u00a0Barra do Jucu, Vila Velha \u2013 ES. Foto:\u00a0@tatianapezzinfotografia Francine Nery \u00e9 a nossa melhor onda da s\u00e9rie, Surfista<\/p>\n","protected":false},"author":1,"featured_media":1766,"comment_status":"open","ping_status":"open","sticky":false,"template":"","format":"standard","meta":[],"categories":[64,3],"tags":[196,197,198,7,199],"_links":{"self":[{"href":"http:\/\/fotosurf.com.br\/surf\/fotos\/index.php\/wp-json\/wp\/v2\/posts\/1762"}],"collection":[{"href":"http:\/\/fotosurf.com.br\/surf\/fotos\/index.php\/wp-json\/wp\/v2\/posts"}],"about":[{"href":"http:\/\/fotosurf.com.br\/surf\/fotos\/index.php\/wp-json\/wp\/v2\/types\/post"}],"author":[{"embeddable":true,"href":"http:\/\/fotosurf.com.br\/surf\/fotos\/index.php\/wp-json\/wp\/v2\/users\/1"}],"replies":[{"embeddable":true,"href":"http:\/\/fotosurf.com.br\/surf\/fotos\/index.php\/wp-json\/wp\/v2\/comments?post=1762"}],"version-history":[{"count":7,"href":"http:\/\/fotosurf.com.br\/surf\/fotos\/index.php\/wp-json\/wp\/v2\/posts\/1762\/revisions"}],"predecessor-version":[{"id":1775,"href":"http:\/\/fotosurf.com.br\/surf\/fotos\/index.php\/wp-json\/wp\/v2\/posts\/1762\/revisions\/1775"}],"wp:featuredmedia":[{"embeddable":true,"href":"http:\/\/fotosurf.com.br\/surf\/fotos\/index.php\/wp-json\/wp\/v2\/media\/1766"}],"wp:attachment":[{"href":"http:\/\/fotosurf.com.br\/surf\/fotos\/index.php\/wp-json\/wp\/v2\/media?parent=1762"}],"wp:term":[{"taxonomy":"category","embeddable":true,"href":"http:\/\/fotosurf.com.br\/surf\/fotos\/index.php\/wp-json\/wp\/v2\/categories?post=1762"},{"taxonomy":"post_tag","embeddable":true,"href":"http:\/\/fotosurf.com.br\/surf\/fotos\/index.php\/wp-json\/wp\/v2\/tags?post=1762"}],"curies":[{"name":"wp","href":"https:\/\/api.w.org\/{rel}","templated":true}]}}