{"id":478,"date":"2012-12-10T09:41:43","date_gmt":"2012-12-10T11:41:43","guid":{"rendered":"http:\/\/fotosurf.com.br\/surf\/fotos\/?p=478"},"modified":"2015-02-28T11:24:59","modified_gmt":"2015-02-28T14:24:59","slug":"billabong-pipe-masters-confira-fotos-do-segundo-dia","status":"publish","type":"post","link":"http:\/\/fotosurf.com.br\/surf\/fotos\/index.php\/2012\/12\/wct\/billabong-pipe-masters-confira-fotos-do-segundo-dia\/","title":{"rendered":"Billabong Pipe Masters \u2013 Confira fotos do segundo dia"},"content":{"rendered":"\n<p><strong>Billabong Pipe Masters 2012, Pipeline, Hawaii. FotoSurf: ASP \/ Divulga\u00e7\u00e3o .\u00a0Veja as fotos em tamanho\u00a0<span style=\"text-decoration: underline; color: #0000ff;\"><a href=\"http:\/\/fotosurf.com.br\/surf\/index.php\/2012\/12\/galerias-foto-surf\/billabong-pipe-masters-confira-fotos-do-segundo-dia\/\"><span style=\"color: #0000ff; text-decoration: underline;\">Menor+&#8211;<\/span><\/a><\/span><\/strong><\/p>\n<p>&nbsp;<\/p>\n<p>Mais um dia de ondas fant\u00e1sticas em Pipeline, com as direitas do Backdoor tamb\u00e9m formando tubos espetaculares no domingo de muitas decis\u00f5es no Billabong Pipe Masters. A disputa do t\u00edtulo mundial ficou s\u00f3 entre Joel Parkinson e Kelly Slater, Sebastien Zietz \u00e9 o novo campe\u00e3o da Tr\u00edplice Coroa Havaiana e Gabriel Medina tamb\u00e9m brilhou, batendo os recordes do campeonato nos tubos que surfou em Pipeline, com muito estilo e seguran\u00e7a. Miguel Pupo venceu duas baterias e foi o outro brasileiro que passou para a rodada das duas chances de classifica\u00e7\u00e3o para as quartas de final no Hava\u00ed.<\/p>\n<p><strong>Confira\u00a0<span style=\"text-decoration: underline;\"><span style=\"color: #0000ff;\"><a href=\"http:\/\/fotosurf.com.br\/surf\/index.php\/2012\/12\/noticias-surf\/gabriel-medina-da-show-nos-tubos-de-pipeline\/\"><span style=\"color: #0000ff; text-decoration: underline;\">reportagem<\/span><\/a><\/span><\/span>\u00a0na \u00edntegra.<\/strong><\/p>\n<div id=\"wrapper\">\n<div id=\"main\" class=\"clearfix\">\n<div id=\"container\" class=\"clearfix\">\n<div id=\"content\" class=\"section\">\n<h1 class=\"archive-title\">WCT Archive<\/h1>\n<div id=\"archive-posts\">\n<div class=\"hfeed posts-default clearfix\">\n<div class=\"clearfix\">\n<div class=\"post-1385 post type-post status-publish format-standard has-post-thumbnail hentry category-2015 category-galerias category-wct tag-quiksilver-pro-gold-coast tag-wct-2015 entry clearfix\">\n<div class=\"entry-thumbnails\"><a class=\"entry-thumbnails-link\" href=\"http:\/\/fotosurf.com.br\/surf\/fotos\/index.php\/2015\/02\/wct\/fotos-primeiro-dia-do-quiksilver-pro-gold-coast-2015-snapper-rocks-australia\/\"><img loading=\"lazy\" width=\"295\" height=\"130\" src=\"http:\/\/fotosurf.com.br\/surf\/fotos\/imagem\/2015\/02\/Kelly-Slater-no-dia-de-abertura-do-Quiksilver-Pro-Gold-Coast-295x130.jpg\" class=\"attachment-node-based-thumb wp-post-image\" alt=\"\" title=\"FOTOS &#8211; Primeiro dia do Quiksilver Pro Gold Coast 2015, Snapper Rocks, Austr\u00e1lia.\" \/><span class=\"entry-meta\"><span class=\"entry-comments\">0<\/span><abbr class=\"published\" title=\"2015-02-28T11:03:38+00:00\">28 de fevereiro de 2015<\/abbr><\/span><\/a><\/div>\n<h3 class=\"entry-title\"><a href=\"http:\/\/fotosurf.com.br\/surf\/fotos\/index.php\/2015\/02\/wct\/fotos-primeiro-dia-do-quiksilver-pro-gold-coast-2015-snapper-rocks-australia\/\" rel=\"bookmark\">FOTOS &#8211; Primeiro dia do Quiksilver Pro Gold Coast 2015, Snapper Rocks, Austr\u00e1lia.<\/a><\/h3>\n<\/p><\/div>\n<div class=\"post-1188 post type-post status-publish format-standard has-post-thumbnail hentry category-galerias category-wct tag-gabriel-medina entry clearfix\">\n<div class=\"entry-thumbnails\"><a class=\"entry-thumbnails-link\" href=\"http:\/\/fotosurf.com.br\/surf\/fotos\/index.php\/2014\/12\/wct\/confira-as-fotos-das-finais-do-billabong-pipe-master\/\"><img loading=\"lazy\" width=\"295\" height=\"130\" src=\"http:\/\/fotosurf.com.br\/surf\/fotos\/imagem\/2014\/12\/medina7568pipe14cestari__large_900_600_90auto_c1-295x130.jpg\" class=\"attachment-node-based-thumb wp-post-image\" alt=\"&nbsp; Gabriel Medina fez hist\u00f3ria nesta sexta-feira, no Hava\u00ed, e se tornou o primeiro brasileiro campe\u00e3o mundial de surfe. Em Pipeline, ele avan\u00e7ou \u00e0s quartas de final e contou ainda [&hellip;]\" title=\"Confira as fotos das finais do Billabong Pipe Master\" \/><span class=\"entry-meta\"><span class=\"entry-comments\">0<\/span><abbr class=\"published\" title=\"2014-12-20T01:24:55+00:00\">20 de dezembro de 2014<\/abbr><\/span><\/a><\/div>\n<h3 class=\"entry-title\"><a href=\"http:\/\/fotosurf.com.br\/surf\/fotos\/index.php\/2014\/12\/wct\/confira-as-fotos-das-finais-do-billabong-pipe-master\/\" rel=\"bookmark\">Confira as fotos das finais do Billabong Pipe Master<\/a><\/h3>\n<\/p><\/div>\n<div class=\"post-880 post type-post status-publish format-standard has-post-thumbnail hentry category-wct entry clearfix\">\n<div class=\"entry-thumbnails\"><a class=\"entry-thumbnails-link\" href=\"http:\/\/fotosurf.com.br\/surf\/fotos\/index.php\/2014\/05\/wct\/confira-as-fotosurf-do-quarto-dia-do-billabong-rio-pro-2014\/\"><img loading=\"lazy\" width=\"295\" height=\"130\" src=\"http:\/\/fotosurf.com.br\/surf\/fotos\/imagem\/2014\/05\/Billabong_Rio_Pro_FotoSurf_-295x130.jpg\" class=\"attachment-node-based-thumb wp-post-image\" alt=\"Billabong Rio Pro 2014, Barra da Tijuca (RJ) Foto: \u00a9 ASP \/ Smorigo Veja em tamanho MAIOR +-\" title=\"Confira as FotoSurf do quarto dia do Billabong Rio Pro 2014\" \/><span class=\"entry-meta\"><span class=\"entry-comments\">0<\/span><abbr class=\"published\" title=\"2014-05-11T23:16:26+00:00\">11 de maio de 2014<\/abbr><\/span><\/a><\/div>\n<h3 class=\"entry-title\"><a href=\"http:\/\/fotosurf.com.br\/surf\/fotos\/index.php\/2014\/05\/wct\/confira-as-fotosurf-do-quarto-dia-do-billabong-rio-pro-2014\/\" rel=\"bookmark\">Confira as FotoSurf do quarto dia do Billabong Rio Pro 2014<\/a><\/h3>\n<\/p><\/div>\n<\/p><\/div>\n<div class=\"clearfix\">\n<div class=\"post-837 post type-post status-publish format-standard hentry category-galerias category-wct entry clearfix\">\n<div class=\"entry-thumbnails\"><a class=\"entry-thumbnails-link\" href=\"http:\/\/fotosurf.com.br\/surf\/fotos\/index.php\/2014\/05\/wct\/confira-as-fotosurf-do-terceiro-dia-do-billabong-rio-pro-2014\/\"><img loading=\"lazy\" width=\"295\" height=\"130\" src=\"http:\/\/fotosurf.com.br\/surf\/fotos\/imagem\/2014\/05\/Adrian-Buchan-295x130.jpg\" class=\"attachment-node-based-thumb\" alt=\"Billabong Rio Pro 2014, Barra da Tijuca (RJ) Foto: \u00a9 ASP \/ Smorigo   Barra da Tijuca, Rio de Janeiro (RJ) \u2013 O s\u00e1bado amanheceu com chuva no Rio de [&hellip;]\" title=\"Confira as FotoSurf do terceiro dia do Billabong Rio Pro 2014\" \/><span class=\"entry-meta\"><span class=\"entry-comments\">0<\/span><abbr class=\"published\" title=\"2014-05-10T19:06:48+00:00\">10 de maio de 2014<\/abbr><\/span><\/a><\/div>\n<h3 class=\"entry-title\"><a href=\"http:\/\/fotosurf.com.br\/surf\/fotos\/index.php\/2014\/05\/wct\/confira-as-fotosurf-do-terceiro-dia-do-billabong-rio-pro-2014\/\" rel=\"bookmark\">Confira as FotoSurf do terceiro dia do Billabong Rio Pro 2014<\/a><\/h3>\n<\/p><\/div>\n<div class=\"post-599 post type-post status-publish format-standard has-post-thumbnail hentry category-galerias category-wct entry clearfix\">\n<div class=\"entry-thumbnails\"><a class=\"entry-thumbnails-link\" href=\"http:\/\/fotosurf.com.br\/surf\/fotos\/index.php\/2013\/04\/wct\/confira-as-fotos-da-festa-de-adriano-de-souza-no-podio-do-rip-curl-pro\/\"><img loading=\"lazy\" width=\"295\" height=\"130\" src=\"http:\/\/fotosurf.com.br\/surf\/fotos\/imagem\/2013\/04\/8612646466_2e3731a61f_b-295x130.jpg\" class=\"attachment-node-based-thumb wp-post-image\" alt=\" \" title=\"Confira as fotos da festa de Adriano de Souza no p\u00f3dio do Rip Curl Pro em Bell&#8217;s Beach, Austr\u00e1lia\" \/><span class=\"entry-meta\"><span class=\"entry-comments\">0<\/span><abbr class=\"published\" title=\"2013-04-02T13:24:34+00:00\">2 de abril de 2013<\/abbr><\/span><\/a><\/div>\n<h3 class=\"entry-title\"><a href=\"http:\/\/fotosurf.com.br\/surf\/fotos\/index.php\/2013\/04\/wct\/confira-as-fotos-da-festa-de-adriano-de-souza-no-podio-do-rip-curl-pro\/\" rel=\"bookmark\">Confira as fotos da festa de Adriano de Souza no p\u00f3dio do Rip Curl Pro em Bell&#8217;s Beach, Austr\u00e1lia<\/a><\/h3>\n<\/p><\/div>\n<div class=\"post-495 post type-post status-publish format-standard has-post-thumbnail hentry category-galerias category-wct tag-billabong-pipe-masters tag-joel-parkinson entry clearfix\">\n<div class=\"entry-thumbnails\"><a class=\"entry-thumbnails-link\" href=\"http:\/\/fotosurf.com.br\/surf\/fotos\/index.php\/2012\/12\/wct\/fotos-billabong-pipe-masters-joel-parkinson-e-campeao-mundial-de-surf-2012\/\"><img loading=\"lazy\" width=\"295\" height=\"130\" src=\"http:\/\/fotosurf.com.br\/surf\/fotos\/imagem\/2012\/12\/bi-295x130.jpg\" class=\"attachment-node-based-thumb wp-post-image\" alt=\"Billabong Pipe Masters in Memory of Andy Irons. FotoSurf: Asp \/ Images.  Confira fotos Menor &#8211;  Billabong Pipe Masters in Memory of Andy Irons. FotoSurf: Asp \/ Images.  Confira fotos Menor &#8211;  Ap\u00f3s o [&hellip;]\" title=\"FOTOS &#8211; Billabong Pipe Masters \u2013 Joel Parkinson \u00e9 campe\u00e3o mundial de Surf 2012\" \/><span class=\"entry-meta\"><span class=\"entry-comments\">13<\/span><abbr class=\"published\" title=\"2012-12-15T01:09:32+00:00\">15 de dezembro de 2012<\/abbr><\/span><\/a><\/div>\n<h3 class=\"entry-title\"><a href=\"http:\/\/fotosurf.com.br\/surf\/fotos\/index.php\/2012\/12\/wct\/fotos-billabong-pipe-masters-joel-parkinson-e-campeao-mundial-de-surf-2012\/\" rel=\"bookmark\">FOTOS &#8211; Billabong Pipe Masters \u2013 Joel Parkinson \u00e9 campe\u00e3o mundial de Surf 2012<\/a><\/h3>\n<\/p><\/div>\n<\/p><\/div>\n<div class=\"clearfix\">\n<div class=\"post-478 post type-post status-publish format-standard hentry category-galerias category-wct entry clearfix\">\n<div class=\"entry-thumbnails\"><a class=\"entry-thumbnails-link\" href=\"http:\/\/fotosurf.com.br\/surf\/fotos\/index.php\/2012\/12\/wct\/billabong-pipe-masters-confira-fotos-do-segundo-dia\/\"><img loading=\"lazy\" width=\"295\" height=\"130\" src=\"http:\/\/fotosurf.com.br\/surf\/fotos\/imagem\/2012\/12\/perrow3009pipe12kirtsin__large-295x130.jpg\" class=\"attachment-node-based-thumb\" alt=\"Billabong Pipe Masters 2012, Pipeline, Hawaii. FotoSurf: ASP \/ Divulga\u00e7\u00e3o . Veja as fotos em tamanho Menor+&#8211; &nbsp; Mais um dia de ondas fant\u00e1sticas em Pipeline, com as direitas do Backdoor tamb\u00e9m [&hellip;]\" title=\"Billabong Pipe Masters \u2013 Confira fotos do segundo dia\" \/><span class=\"entry-meta\"><span class=\"entry-comments\">9<\/span><abbr class=\"published\" title=\"2012-12-10T09:41:43+00:00\">10 de dezembro de 2012<\/abbr><\/span><\/a><\/div>\n<h3 class=\"entry-title\"><a href=\"http:\/\/fotosurf.com.br\/surf\/fotos\/index.php\/2012\/12\/wct\/billabong-pipe-masters-confira-fotos-do-segundo-dia\/\" rel=\"bookmark\">Billabong Pipe Masters \u2013 Confira fotos do segundo dia<\/a><\/h3>\n<\/p><\/div>\n<div class=\"post-471 post type-post status-publish format-standard hentry category-galerias category-wct entry clearfix\">\n<div class=\"entry-thumbnails\"><a class=\"entry-thumbnails-link\" href=\"http:\/\/fotosurf.com.br\/surf\/fotos\/index.php\/2012\/12\/wct\/billabong-pipe-masters-confira-fotos-do-primeiro-dia\/\"><img loading=\"lazy\" width=\"295\" height=\"130\" src=\"http:\/\/fotosurf.com.br\/surf\/fotos\/imagem\/2012\/12\/pupo_1522pipe12dunbar__large-295x130.jpg\" class=\"attachment-node-based-thumb\" alt=\"Billabong Pipe Masters 2012, Pipeline, Hawaii. FotoSurf: ASP \/ Divulga\u00e7\u00e3o . Confira fotos em tamanho Menor + &#8211;  &#8211;  &nbsp; Com um drop incr\u00edvel em uma onda de mais de 3 metros [&hellip;]\" title=\"Billabong Pipe Masters &#8211; Confira fotos do primeiro dia\" \/><span class=\"entry-meta\"><span class=\"entry-comments\">20<\/span><abbr class=\"published\" title=\"2012-12-10T08:41:10+00:00\">10 de dezembro de 2012<\/abbr><\/span><\/a><\/div>\n<h3 class=\"entry-title\"><a href=\"http:\/\/fotosurf.com.br\/surf\/fotos\/index.php\/2012\/12\/wct\/billabong-pipe-masters-confira-fotos-do-primeiro-dia\/\" rel=\"bookmark\">Billabong Pipe Masters &#8211; Confira fotos do primeiro dia<\/a><\/h3>\n<\/p><\/div>\n<div class=\"post-446 post type-post status-publish format-standard hentry category-galerias category-wct entry clearfix\">\n<div class=\"entry-thumbnails\"><a class=\"entry-thumbnails-link\" href=\"http:\/\/fotosurf.com.br\/surf\/fotos\/index.php\/2012\/12\/wct\/fotos-das-finais-do-vans-world-cup-of-surfing-2012\/\"><img loading=\"lazy\" width=\"295\" height=\"130\" src=\"http:\/\/fotosurf.com.br\/surf\/fotos\/imagem\/2012\/12\/Gabriel-Medina-295x130.jpg\" class=\"attachment-node-based-thumb\" alt=\"Vans World Cup of Surfing 2012, Sunset Beach, Hawaii. FotoSurf: \u00a9 ASP \/ Cestari. &nbsp; Gabriel Medina ficou com a segunda coloca\u00e7\u00e3o da Vans World Cup of Surfing, etapa Prime [&hellip;]\" title=\"Fotos das finais do Vans World Cup of Surfing 2012\" \/><span class=\"entry-meta\"><span class=\"entry-comments\">30<\/span><abbr class=\"published\" title=\"2012-12-05T22:10:11+00:00\">5 de dezembro de 2012<\/abbr><\/span><\/a><\/div>\n<h3 class=\"entry-title\"><a href=\"http:\/\/fotosurf.com.br\/surf\/fotos\/index.php\/2012\/12\/wct\/fotos-das-finais-do-vans-world-cup-of-surfing-2012\/\" rel=\"bookmark\">Fotos das finais do Vans World Cup of Surfing 2012<\/a><\/h3>\n<\/p><\/div>\n<\/p><\/div>\n<div class=\"clearfix\">\n<div class=\"post-418 post type-post status-publish format-standard hentry category-galerias category-wct entry clearfix\">\n<div class=\"entry-thumbnails\"><a class=\"entry-thumbnails-link\" href=\"http:\/\/fotosurf.com.br\/surf\/fotos\/index.php\/2012\/11\/wct\/fotos-vans-world-cup-of-surfing-primeiro-dia\/\"><img loading=\"lazy\" width=\"295\" height=\"130\" src=\"http:\/\/fotosurf.com.br\/surf\/fotos\/imagem\/2012\/11\/Alex-Smith-295x130.jpg\" class=\"attachment-node-based-thumb\" alt=\"Alb\u00fam &#8211; Vans World Cup of Surfing &#8211; Sunset Beach &#8211; Dia 1 &#8211; Ter\u00e7a-feira , 27 de novembro de 2012 &#8211; Fotos: ASP A Vans World Cup of Surfing [&hellip;]\" title=\"FOTOS &#8211; Vans World Cup of Surfing &#8211; Primeiro dia\" \/><span class=\"entry-meta\"><span class=\"entry-comments\">6<\/span><abbr class=\"published\" title=\"2012-11-28T18:42:04+00:00\">28 de novembro de 2012<\/abbr><\/span><\/a><\/div>\n<h3 class=\"entry-title\"><a href=\"http:\/\/fotosurf.com.br\/surf\/fotos\/index.php\/2012\/11\/wct\/fotos-vans-world-cup-of-surfing-primeiro-dia\/\" rel=\"bookmark\">FOTOS &#8211; Vans World Cup of Surfing &#8211; Primeiro dia<\/a><\/h3>\n<\/p><\/div>\n<\/p><\/div>\n<\/div>\n<p><!-- .posts-default -->    <\/p>\n<div class=\"navigation clearfix\">\n<div class=\"floatleft\"><a href=\"http:\/\/fotosurf.com.br\/surf\/fotos\/index.php\/category\/wct\/page\/2\/\" >Older Entries<\/a><\/div>\n<div class=\"floatright\"><\/div>\n<\/p><\/div>\n<\/p><\/div>\n<p><!-- #archive-posts --><\/p>\n<\/div>\n<p><!-- #content --><\/p>\n<\/div>\n<p><!-- #container --><\/p>\n","protected":false},"excerpt":{"rendered":"<p>Billabong Pipe Masters 2012, Pipeline, Hawaii. FotoSurf: ASP \/ Divulga\u00e7\u00e3o .\u00a0Veja as fotos em tamanho\u00a0Menor+&#8211; &nbsp; Mais um dia de<\/p>\n","protected":false},"author":1,"featured_media":0,"comment_status":"open","ping_status":"open","sticky":false,"template":"","format":"standard","meta":[],"categories":[64,6],"tags":[],"_links":{"self":[{"href":"http:\/\/fotosurf.com.br\/surf\/fotos\/index.php\/wp-json\/wp\/v2\/posts\/478"}],"collection":[{"href":"http:\/\/fotosurf.com.br\/surf\/fotos\/index.php\/wp-json\/wp\/v2\/posts"}],"about":[{"href":"http:\/\/fotosurf.com.br\/surf\/fotos\/index.php\/wp-json\/wp\/v2\/types\/post"}],"author":[{"embeddable":true,"href":"http:\/\/fotosurf.com.br\/surf\/fotos\/index.php\/wp-json\/wp\/v2\/users\/1"}],"replies":[{"embeddable":true,"href":"http:\/\/fotosurf.com.br\/surf\/fotos\/index.php\/wp-json\/wp\/v2\/comments?post=478"}],"version-history":[{"count":11,"href":"http:\/\/fotosurf.com.br\/surf\/fotos\/index.php\/wp-json\/wp\/v2\/posts\/478\/revisions"}],"predecessor-version":[{"id":1429,"href":"http:\/\/fotosurf.com.br\/surf\/fotos\/index.php\/wp-json\/wp\/v2\/posts\/478\/revisions\/1429"}],"wp:attachment":[{"href":"http:\/\/fotosurf.com.br\/surf\/fotos\/index.php\/wp-json\/wp\/v2\/media?parent=478"}],"wp:term":[{"taxonomy":"category","embeddable":true,"href":"http:\/\/fotosurf.com.br\/surf\/fotos\/index.php\/wp-json\/wp\/v2\/categories?post=478"},{"taxonomy":"post_tag","embeddable":true,"href":"http:\/\/fotosurf.com.br\/surf\/fotos\/index.php\/wp-json\/wp\/v2\/tags?post=478"}],"curies":[{"name":"wp","href":"https:\/\/api.w.org\/{rel}","templated":true}]}}