{"id":880,"date":"2014-05-11T23:16:26","date_gmt":"2014-05-12T02:16:26","guid":{"rendered":"http:\/\/fotosurf.com.br\/surf\/fotos\/?p=880"},"modified":"2015-02-28T11:27:45","modified_gmt":"2015-02-28T14:27:45","slug":"confira-as-fotosurf-do-quarto-dia-do-billabong-rio-pro-2014","status":"publish","type":"post","link":"http:\/\/fotosurf.com.br\/surf\/fotos\/index.php\/2014\/05\/wct\/confira-as-fotosurf-do-quarto-dia-do-billabong-rio-pro-2014\/","title":{"rendered":"Confira as FotoSurf do quarto dia do Billabong Rio Pro 2014"},"content":{"rendered":"<div class='photo-galleria' ><div id='gallery-1' class='gallery galleryid-880 gallery-columns-4 gallery-size-colormag-featured-image'><figure class='gallery-item'>\n\t\t\t<div class='gallery-icon landscape'>\n\t\t\t\t<a href='http:\/\/fotosurf.com.br\/surf\/fotos\/imagem\/2014\/05\/Billabong_Rio_Pro_FotoSurf_.jpg' title='Billabong_Rio_Pro_FotoSurf_'><img width=\"700\" height=\"416\" src=\"http:\/\/fotosurf.com.br\/surf\/fotos\/imagem\/2014\/05\/Billabong_Rio_Pro_FotoSurf_.jpg\" class=\"attachment-colormag-featured-image size-colormag-featured-image\" alt=\"\" loading=\"lazy\" srcset=\"http:\/\/fotosurf.com.br\/surf\/fotos\/imagem\/2014\/05\/Billabong_Rio_Pro_FotoSurf_.jpg 700w, http:\/\/fotosurf.com.br\/surf\/fotos\/imagem\/2014\/05\/Billabong_Rio_Pro_FotoSurf_-600x356.jpg 600w\" sizes=\"(max-width: 700px) 100vw, 700px\" \/><\/a>\n\t\t\t<\/div>\n\t\t\t\t<figcaption class='wp-caption-text gallery-caption' id='gallery-1-881'>\n\t\t\t\tBillabong Rio Pro 2014, Barra da Tijuca (RJ) Foto: \u00a9 ASP \/ Smorigo\n\t\t\t\t<\/figcaption><\/figure><figure class='gallery-item'>\n\t\t\t<div class='gallery-icon landscape'>\n\t\t\t\t<a href='http:\/\/fotosurf.com.br\/surf\/fotos\/imagem\/2014\/05\/Billabong_Rio_Pro_FotoSurf_3.jpg' title='Billabong_Rio_Pro_FotoSurf_3'><img width=\"749\" height=\"445\" src=\"http:\/\/fotosurf.com.br\/surf\/fotos\/imagem\/2014\/05\/Billabong_Rio_Pro_FotoSurf_3.jpg\" class=\"attachment-colormag-featured-image size-colormag-featured-image\" alt=\"\" loading=\"lazy\" srcset=\"http:\/\/fotosurf.com.br\/surf\/fotos\/imagem\/2014\/05\/Billabong_Rio_Pro_FotoSurf_3.jpg 800w, http:\/\/fotosurf.com.br\/surf\/fotos\/imagem\/2014\/05\/Billabong_Rio_Pro_FotoSurf_3-600x356.jpg 600w\" sizes=\"(max-width: 749px) 100vw, 749px\" \/><\/a>\n\t\t\t<\/div>\n\t\t\t\t<figcaption class='wp-caption-text gallery-caption' id='gallery-1-882'>\n\t\t\t\tBillabong Rio Pro 2014, Barra da Tijuca (RJ) Foto: \u00a9 ASP \/ Smorigo\n\t\t\t\t<\/figcaption><\/figure><figure class='gallery-item'>\n\t\t\t<div class='gallery-icon landscape'>\n\t\t\t\t<a href='http:\/\/fotosurf.com.br\/surf\/fotos\/imagem\/2014\/05\/Billabong_Rio_Pro_FotoSurf_4.jpg' title='Billabong_Rio_Pro_FotoSurf_4'><img width=\"749\" height=\"445\" src=\"http:\/\/fotosurf.com.br\/surf\/fotos\/imagem\/2014\/05\/Billabong_Rio_Pro_FotoSurf_4.jpg\" class=\"attachment-colormag-featured-image size-colormag-featured-image\" alt=\"\" loading=\"lazy\" srcset=\"http:\/\/fotosurf.com.br\/surf\/fotos\/imagem\/2014\/05\/Billabong_Rio_Pro_FotoSurf_4.jpg 800w, http:\/\/fotosurf.com.br\/surf\/fotos\/imagem\/2014\/05\/Billabong_Rio_Pro_FotoSurf_4-600x356.jpg 600w\" sizes=\"(max-width: 749px) 100vw, 749px\" \/><\/a>\n\t\t\t<\/div>\n\t\t\t\t<figcaption class='wp-caption-text gallery-caption' id='gallery-1-883'>\n\t\t\t\tBillabong Rio Pro 2014, Barra da Tijuca (RJ) Foto: \u00a9 ASP \/ Smorigo\n\t\t\t\t<\/figcaption><\/figure><figure class='gallery-item'>\n\t\t\t<div class='gallery-icon landscape'>\n\t\t\t\t<a href='http:\/\/fotosurf.com.br\/surf\/fotos\/imagem\/2014\/05\/Billabong_Rio_Pro_FotoSurf_5.jpg' title='Billabong_Rio_Pro_FotoSurf_5'><img width=\"749\" height=\"445\" src=\"http:\/\/fotosurf.com.br\/surf\/fotos\/imagem\/2014\/05\/Billabong_Rio_Pro_FotoSurf_5.jpg\" class=\"attachment-colormag-featured-image size-colormag-featured-image\" alt=\"\" loading=\"lazy\" srcset=\"http:\/\/fotosurf.com.br\/surf\/fotos\/imagem\/2014\/05\/Billabong_Rio_Pro_FotoSurf_5.jpg 800w, http:\/\/fotosurf.com.br\/surf\/fotos\/imagem\/2014\/05\/Billabong_Rio_Pro_FotoSurf_5-600x356.jpg 600w\" sizes=\"(max-width: 749px) 100vw, 749px\" \/><\/a>\n\t\t\t<\/div>\n\t\t\t\t<figcaption class='wp-caption-text gallery-caption' id='gallery-1-884'>\n\t\t\t\tBillabong Rio Pro 2014, Barra da Tijuca (RJ) Foto: \u00a9 ASP \/ Smorigo\n\t\t\t\t<\/figcaption><\/figure><figure class='gallery-item'>\n\t\t\t<div class='gallery-icon landscape'>\n\t\t\t\t<a href='http:\/\/fotosurf.com.br\/surf\/fotos\/imagem\/2014\/05\/Billabong_Rio_Pro_FotoSurf_6.jpg' title='Billabong_Rio_Pro_FotoSurf_6'><img width=\"749\" height=\"445\" src=\"http:\/\/fotosurf.com.br\/surf\/fotos\/imagem\/2014\/05\/Billabong_Rio_Pro_FotoSurf_6.jpg\" class=\"attachment-colormag-featured-image size-colormag-featured-image\" alt=\"\" loading=\"lazy\" srcset=\"http:\/\/fotosurf.com.br\/surf\/fotos\/imagem\/2014\/05\/Billabong_Rio_Pro_FotoSurf_6.jpg 800w, http:\/\/fotosurf.com.br\/surf\/fotos\/imagem\/2014\/05\/Billabong_Rio_Pro_FotoSurf_6-600x356.jpg 600w\" sizes=\"(max-width: 749px) 100vw, 749px\" \/><\/a>\n\t\t\t<\/div>\n\t\t\t\t<figcaption class='wp-caption-text gallery-caption' id='gallery-1-885'>\n\t\t\t\tBillabong Rio Pro 2014, Barra da Tijuca (RJ) Foto: \u00a9 ASP \/ Smorigo\n\t\t\t\t<\/figcaption><\/figure><figure class='gallery-item'>\n\t\t\t<div class='gallery-icon landscape'>\n\t\t\t\t<a href='http:\/\/fotosurf.com.br\/surf\/fotos\/imagem\/2014\/05\/Billabong_Rio_Pro_FotoSurf_7.jpg' title='Billabong_Rio_Pro_FotoSurf_7'><img width=\"749\" height=\"445\" src=\"http:\/\/fotosurf.com.br\/surf\/fotos\/imagem\/2014\/05\/Billabong_Rio_Pro_FotoSurf_7.jpg\" class=\"attachment-colormag-featured-image size-colormag-featured-image\" alt=\"\" loading=\"lazy\" srcset=\"http:\/\/fotosurf.com.br\/surf\/fotos\/imagem\/2014\/05\/Billabong_Rio_Pro_FotoSurf_7.jpg 800w, http:\/\/fotosurf.com.br\/surf\/fotos\/imagem\/2014\/05\/Billabong_Rio_Pro_FotoSurf_7-600x356.jpg 600w\" sizes=\"(max-width: 749px) 100vw, 749px\" \/><\/a>\n\t\t\t<\/div>\n\t\t\t\t<figcaption class='wp-caption-text gallery-caption' id='gallery-1-886'>\n\t\t\t\tBillabong Rio Pro 2014, Barra da Tijuca (RJ) Foto: \u00a9 ASP \/ Smorigo\n\t\t\t\t<\/figcaption><\/figure><figure class='gallery-item'>\n\t\t\t<div class='gallery-icon landscape'>\n\t\t\t\t<a href='http:\/\/fotosurf.com.br\/surf\/fotos\/imagem\/2014\/05\/Billabong_Rio_Pro_FotoSurf_8.jpg' title='Billabong_Rio_Pro_FotoSurf_8'><img width=\"749\" height=\"445\" src=\"http:\/\/fotosurf.com.br\/surf\/fotos\/imagem\/2014\/05\/Billabong_Rio_Pro_FotoSurf_8.jpg\" class=\"attachment-colormag-featured-image size-colormag-featured-image\" alt=\"\" loading=\"lazy\" srcset=\"http:\/\/fotosurf.com.br\/surf\/fotos\/imagem\/2014\/05\/Billabong_Rio_Pro_FotoSurf_8.jpg 800w, http:\/\/fotosurf.com.br\/surf\/fotos\/imagem\/2014\/05\/Billabong_Rio_Pro_FotoSurf_8-600x356.jpg 600w\" sizes=\"(max-width: 749px) 100vw, 749px\" \/><\/a>\n\t\t\t<\/div>\n\t\t\t\t<figcaption class='wp-caption-text gallery-caption' id='gallery-1-887'>\n\t\t\t\tBillabong Rio Pro 2014, Barra da Tijuca (RJ) Foto: \u00a9 ASP \/ Smorigo\n\t\t\t\t<\/figcaption><\/figure><figure class='gallery-item'>\n\t\t\t<div class='gallery-icon landscape'>\n\t\t\t\t<a href='http:\/\/fotosurf.com.br\/surf\/fotos\/imagem\/2014\/05\/Billabong_Rio_Pro_FotoSurf_9.jpg' title='Billabong_Rio_Pro_FotoSurf_9'><img width=\"749\" height=\"445\" src=\"http:\/\/fotosurf.com.br\/surf\/fotos\/imagem\/2014\/05\/Billabong_Rio_Pro_FotoSurf_9.jpg\" class=\"attachment-colormag-featured-image size-colormag-featured-image\" alt=\"\" loading=\"lazy\" srcset=\"http:\/\/fotosurf.com.br\/surf\/fotos\/imagem\/2014\/05\/Billabong_Rio_Pro_FotoSurf_9.jpg 800w, http:\/\/fotosurf.com.br\/surf\/fotos\/imagem\/2014\/05\/Billabong_Rio_Pro_FotoSurf_9-600x356.jpg 600w\" sizes=\"(max-width: 749px) 100vw, 749px\" \/><\/a>\n\t\t\t<\/div>\n\t\t\t\t<figcaption class='wp-caption-text gallery-caption' id='gallery-1-888'>\n\t\t\t\tBillabong Rio Pro 2014, Barra da Tijuca (RJ) Foto: \u00a9 ASP \/ Smorigo\n\t\t\t\t<\/figcaption><\/figure><figure class='gallery-item'>\n\t\t\t<div class='gallery-icon landscape'>\n\t\t\t\t<a href='http:\/\/fotosurf.com.br\/surf\/fotos\/imagem\/2014\/05\/Billabong_Rio_Pro_FotoSurf_10.jpg' title='Billabong_Rio_Pro_FotoSurf_10'><img width=\"749\" height=\"445\" src=\"http:\/\/fotosurf.com.br\/surf\/fotos\/imagem\/2014\/05\/Billabong_Rio_Pro_FotoSurf_10.jpg\" class=\"attachment-colormag-featured-image size-colormag-featured-image\" alt=\"\" loading=\"lazy\" srcset=\"http:\/\/fotosurf.com.br\/surf\/fotos\/imagem\/2014\/05\/Billabong_Rio_Pro_FotoSurf_10.jpg 800w, http:\/\/fotosurf.com.br\/surf\/fotos\/imagem\/2014\/05\/Billabong_Rio_Pro_FotoSurf_10-600x356.jpg 600w\" sizes=\"(max-width: 749px) 100vw, 749px\" \/><\/a>\n\t\t\t<\/div>\n\t\t\t\t<figcaption class='wp-caption-text gallery-caption' id='gallery-1-889'>\n\t\t\t\tBillabong Rio Pro 2014, Barra da Tijuca (RJ) Foto: \u00a9 ASP \/ Smorigo\n\t\t\t\t<\/figcaption><\/figure><figure class='gallery-item'>\n\t\t\t<div class='gallery-icon landscape'>\n\t\t\t\t<a href='http:\/\/fotosurf.com.br\/surf\/fotos\/imagem\/2014\/05\/Billabong_Rio_Pro_FotoSurf_11.jpg' title='Billabong_Rio_Pro_FotoSurf_11'><img width=\"612\" height=\"445\" src=\"http:\/\/fotosurf.com.br\/surf\/fotos\/imagem\/2014\/05\/Billabong_Rio_Pro_FotoSurf_11.jpg\" class=\"attachment-colormag-featured-image size-colormag-featured-image\" alt=\"\" loading=\"lazy\" srcset=\"http:\/\/fotosurf.com.br\/surf\/fotos\/imagem\/2014\/05\/Billabong_Rio_Pro_FotoSurf_11.jpg 800w, http:\/\/fotosurf.com.br\/surf\/fotos\/imagem\/2014\/05\/Billabong_Rio_Pro_FotoSurf_11-600x436.jpg 600w\" sizes=\"(max-width: 612px) 100vw, 612px\" \/><\/a>\n\t\t\t<\/div>\n\t\t\t\t<figcaption class='wp-caption-text gallery-caption' id='gallery-1-890'>\n\t\t\t\tBillabong Rio Pro 2014, Barra da Tijuca (RJ) Foto: \u00a9 ASP \/ Smorigo\n\t\t\t\t<\/figcaption><\/figure><figure class='gallery-item'>\n\t\t\t<div class='gallery-icon landscape'>\n\t\t\t\t<a href='http:\/\/fotosurf.com.br\/surf\/fotos\/imagem\/2014\/05\/Billabong_Rio_Pro_FotoSurf_12.jpg' title='Billabong_Rio_Pro_FotoSurf_12'><img width=\"749\" height=\"445\" src=\"http:\/\/fotosurf.com.br\/surf\/fotos\/imagem\/2014\/05\/Billabong_Rio_Pro_FotoSurf_12.jpg\" class=\"attachment-colormag-featured-image size-colormag-featured-image\" alt=\"\" loading=\"lazy\" srcset=\"http:\/\/fotosurf.com.br\/surf\/fotos\/imagem\/2014\/05\/Billabong_Rio_Pro_FotoSurf_12.jpg 800w, http:\/\/fotosurf.com.br\/surf\/fotos\/imagem\/2014\/05\/Billabong_Rio_Pro_FotoSurf_12-600x356.jpg 600w\" sizes=\"(max-width: 749px) 100vw, 749px\" \/><\/a>\n\t\t\t<\/div>\n\t\t\t\t<figcaption class='wp-caption-text gallery-caption' id='gallery-1-891'>\n\t\t\t\tBillabong Rio Pro 2014, Barra da Tijuca (RJ) Foto: \u00a9 ASP \/ Smorigo\n\t\t\t\t<\/figcaption><\/figure><figure class='gallery-item'>\n\t\t\t<div class='gallery-icon landscape'>\n\t\t\t\t<a href='http:\/\/fotosurf.com.br\/surf\/fotos\/imagem\/2014\/05\/Billabong_Rio_Pro_FotoSurf_13.jpg' title='Billabong_Rio_Pro_FotoSurf_13'><img width=\"749\" height=\"445\" src=\"http:\/\/fotosurf.com.br\/surf\/fotos\/imagem\/2014\/05\/Billabong_Rio_Pro_FotoSurf_13.jpg\" class=\"attachment-colormag-featured-image size-colormag-featured-image\" alt=\"\" loading=\"lazy\" srcset=\"http:\/\/fotosurf.com.br\/surf\/fotos\/imagem\/2014\/05\/Billabong_Rio_Pro_FotoSurf_13.jpg 800w, http:\/\/fotosurf.com.br\/surf\/fotos\/imagem\/2014\/05\/Billabong_Rio_Pro_FotoSurf_13-600x356.jpg 600w\" sizes=\"(max-width: 749px) 100vw, 749px\" \/><\/a>\n\t\t\t<\/div>\n\t\t\t\t<figcaption class='wp-caption-text gallery-caption' id='gallery-1-892'>\n\t\t\t\tBillabong Rio Pro 2014, Barra da Tijuca (RJ) Foto: \u00a9 ASP \/ Smorigo\n\t\t\t\t<\/figcaption><\/figure><figure class='gallery-item'>\n\t\t\t<div class='gallery-icon landscape'>\n\t\t\t\t<a href='http:\/\/fotosurf.com.br\/surf\/fotos\/imagem\/2014\/05\/Billabong_Rio_Pro_FotoSurf_14.jpg' title='Billabong_Rio_Pro_FotoSurf_14'><img width=\"749\" height=\"445\" src=\"http:\/\/fotosurf.com.br\/surf\/fotos\/imagem\/2014\/05\/Billabong_Rio_Pro_FotoSurf_14.jpg\" class=\"attachment-colormag-featured-image size-colormag-featured-image\" alt=\"\" loading=\"lazy\" srcset=\"http:\/\/fotosurf.com.br\/surf\/fotos\/imagem\/2014\/05\/Billabong_Rio_Pro_FotoSurf_14.jpg 800w, http:\/\/fotosurf.com.br\/surf\/fotos\/imagem\/2014\/05\/Billabong_Rio_Pro_FotoSurf_14-600x356.jpg 600w\" sizes=\"(max-width: 749px) 100vw, 749px\" \/><\/a>\n\t\t\t<\/div>\n\t\t\t\t<figcaption class='wp-caption-text gallery-caption' id='gallery-1-893'>\n\t\t\t\tBillabong Rio Pro 2014, Barra da Tijuca (RJ) Foto: \u00a9 ASP \/ Smorigo\n\t\t\t\t<\/figcaption><\/figure><figure class='gallery-item'>\n\t\t\t<div class='gallery-icon landscape'>\n\t\t\t\t<a href='http:\/\/fotosurf.com.br\/surf\/fotos\/imagem\/2014\/05\/Billabong_Rio_Pro_FotoSurf_15.jpg' title='Billabong_Rio_Pro_FotoSurf_15'><img width=\"749\" height=\"445\" src=\"http:\/\/fotosurf.com.br\/surf\/fotos\/imagem\/2014\/05\/Billabong_Rio_Pro_FotoSurf_15.jpg\" class=\"attachment-colormag-featured-image size-colormag-featured-image\" alt=\"\" loading=\"lazy\" srcset=\"http:\/\/fotosurf.com.br\/surf\/fotos\/imagem\/2014\/05\/Billabong_Rio_Pro_FotoSurf_15.jpg 800w, http:\/\/fotosurf.com.br\/surf\/fotos\/imagem\/2014\/05\/Billabong_Rio_Pro_FotoSurf_15-600x356.jpg 600w\" sizes=\"(max-width: 749px) 100vw, 749px\" \/><\/a>\n\t\t\t<\/div>\n\t\t\t\t<figcaption class='wp-caption-text gallery-caption' id='gallery-1-894'>\n\t\t\t\tBillabong Rio Pro 2014, Barra da Tijuca (RJ) Foto: \u00a9 ASP \/ Smorigo\n\t\t\t\t<\/figcaption><\/figure>\n\t\t<\/div>\n<\/div><!-- .photo-galleria -->\n<p><strong>Billabong Rio Pro 2014, Barra da Tijuca (RJ) Foto: \u00a9 ASP \/ Smorigo<\/strong><\/p>\n<p>&nbsp;<\/p>\n<div id=\"wrapper\">\n<div id=\"main\" class=\"clearfix\">\n<div id=\"container\" class=\"clearfix\">\n<div id=\"content\" class=\"section\">\n<div id=\"archive-posts\">\n<div class=\"hfeed posts-default clearfix\">\n<div class=\"clearfix\">\n<div class=\"post-1385 post type-post status-publish format-standard has-post-thumbnail hentry category-2015 category-galerias category-wct tag-quiksilver-pro-gold-coast tag-wct-2015 entry clearfix\">\n<div class=\"entry-thumbnails\"><a class=\"entry-thumbnails-link\" href=\"http:\/\/fotosurf.com.br\/surf\/fotos\/index.php\/2015\/02\/wct\/fotos-primeiro-dia-do-quiksilver-pro-gold-coast-2015-snapper-rocks-australia\/\"><img loading=\"lazy\" class=\"attachment-node-based-thumb wp-post-image\" title=\"FOTOS \u2013 Primeiro dia do Quiksilver Pro Gold Coast 2015, Snapper Rocks, Austr\u00e1lia.\" src=\"http:\/\/fotosurf.com.br\/surf\/fotos\/imagem\/2015\/02\/Kelly-Slater-no-dia-de-abertura-do-Quiksilver-Pro-Gold-Coast-295x130.jpg\" alt=\"\" width=\"295\" height=\"130\" \/><span class=\"entry-meta\"><span class=\"entry-comments\">0<\/span><abbr class=\"published\" title=\"2015-02-28T11:03:38+00:00\">28 de fevereiro de 2015<\/abbr><\/span><\/a><\/div>\n<h3 class=\"entry-title\"><a href=\"http:\/\/fotosurf.com.br\/surf\/fotos\/index.php\/2015\/02\/wct\/fotos-primeiro-dia-do-quiksilver-pro-gold-coast-2015-snapper-rocks-australia\/\" rel=\"bookmark\">FOTOS \u2013 Primeiro dia do Quiksilver Pro Gold Coast 2015, Snapper Rocks, Austr\u00e1lia.<\/a><\/h3>\n<\/div>\n<div class=\"post-1188 post type-post status-publish format-standard has-post-thumbnail hentry category-galerias category-wct tag-gabriel-medina entry clearfix\">\n<div class=\"entry-thumbnails\"><a class=\"entry-thumbnails-link\" href=\"http:\/\/fotosurf.com.br\/surf\/fotos\/index.php\/2014\/12\/wct\/confira-as-fotos-das-finais-do-billabong-pipe-master\/\"><img loading=\"lazy\" class=\"attachment-node-based-thumb wp-post-image\" title=\"Confira as fotos das finais do Billabong Pipe Master\" src=\"http:\/\/fotosurf.com.br\/surf\/fotos\/imagem\/2014\/12\/medina7568pipe14cestari__large_900_600_90auto_c1-295x130.jpg\" alt=\"\u00a0 Gabriel Medina fez hist\u00f3ria nesta sexta-feira, no Hava\u00ed, e se tornou o primeiro brasileiro campe\u00e3o mundial de surfe. Em Pipeline, ele avan\u00e7ou \u00e0s quartas de final e contou ainda [\u2026]\" width=\"295\" height=\"130\" \/><span class=\"entry-meta\"><span class=\"entry-comments\">0<\/span><abbr class=\"published\" title=\"2014-12-20T01:24:55+00:00\">20 de dezembro de 2014<\/abbr><\/span><\/a><\/div>\n<h3 class=\"entry-title\"><a href=\"http:\/\/fotosurf.com.br\/surf\/fotos\/index.php\/2014\/12\/wct\/confira-as-fotos-das-finais-do-billabong-pipe-master\/\" rel=\"bookmark\">Confira as fotos das finais do Billabong Pipe Master<\/a><\/h3>\n<\/div>\n<div class=\"post-880 post type-post status-publish format-standard has-post-thumbnail hentry category-wct entry clearfix\">\n<div class=\"entry-thumbnails\"><a class=\"entry-thumbnails-link\" href=\"http:\/\/fotosurf.com.br\/surf\/fotos\/index.php\/2014\/05\/wct\/confira-as-fotosurf-do-quarto-dia-do-billabong-rio-pro-2014\/\"><img loading=\"lazy\" class=\"attachment-node-based-thumb wp-post-image\" title=\"Confira as FotoSurf do quarto dia do Billabong Rio Pro 2014\" src=\"http:\/\/fotosurf.com.br\/surf\/fotos\/imagem\/2014\/05\/Billabong_Rio_Pro_FotoSurf_-295x130.jpg\" alt=\"Billabong Rio Pro 2014, Barra da Tijuca (RJ) Foto: \u00a9 ASP \/ Smorigo Veja em tamanho MAIOR +-\" width=\"295\" height=\"130\" \/><span class=\"entry-meta\"><span class=\"entry-comments\">0<\/span><abbr class=\"published\" title=\"2014-05-11T23:16:26+00:00\">11 de maio de 2014<\/abbr><\/span><\/a><\/div>\n<h3 class=\"entry-title\"><a href=\"http:\/\/fotosurf.com.br\/surf\/fotos\/index.php\/2014\/05\/wct\/confira-as-fotosurf-do-quarto-dia-do-billabong-rio-pro-2014\/\" rel=\"bookmark\">Confira as FotoSurf do quarto dia do Billabong Rio Pro 2014<\/a><\/h3>\n<\/div>\n<\/div>\n<div class=\"clearfix\">\n<div class=\"post-837 post type-post status-publish format-standard hentry category-galerias category-wct entry clearfix\">\n<div class=\"entry-thumbnails\"><a class=\"entry-thumbnails-link\" href=\"http:\/\/fotosurf.com.br\/surf\/fotos\/index.php\/2014\/05\/wct\/confira-as-fotosurf-do-terceiro-dia-do-billabong-rio-pro-2014\/\"><img loading=\"lazy\" class=\"attachment-node-based-thumb\" title=\"Confira as FotoSurf do terceiro dia do Billabong Rio Pro 2014\" src=\"http:\/\/fotosurf.com.br\/surf\/fotos\/imagem\/2014\/05\/Adrian-Buchan-295x130.jpg\" alt=\"Billabong Rio Pro 2014, Barra da Tijuca (RJ) Foto: \u00a9 ASP \/ Smorigo   Barra da Tijuca, Rio de Janeiro (RJ) \u2013 O s\u00e1bado amanheceu com chuva no Rio de [\u2026]\" width=\"295\" height=\"130\" \/><span class=\"entry-meta\"><span class=\"entry-comments\">0<\/span><abbr class=\"published\" title=\"2014-05-10T19:06:48+00:00\">10 de maio de 2014<\/abbr><\/span><\/a><\/div>\n<h3 class=\"entry-title\"><a href=\"http:\/\/fotosurf.com.br\/surf\/fotos\/index.php\/2014\/05\/wct\/confira-as-fotosurf-do-terceiro-dia-do-billabong-rio-pro-2014\/\" rel=\"bookmark\">Confira as FotoSurf do terceiro dia do Billabong Rio Pro 2014<\/a><\/h3>\n<\/div>\n<div class=\"post-599 post type-post status-publish format-standard has-post-thumbnail hentry category-galerias category-wct entry clearfix\">\n<div class=\"entry-thumbnails\"><a class=\"entry-thumbnails-link\" href=\"http:\/\/fotosurf.com.br\/surf\/fotos\/index.php\/2013\/04\/wct\/confira-as-fotos-da-festa-de-adriano-de-souza-no-podio-do-rip-curl-pro\/\"><img loading=\"lazy\" class=\"attachment-node-based-thumb wp-post-image\" title=\"Confira as fotos da festa de Adriano de Souza no p\u00f3dio do Rip Curl Pro em Bell\u2019s Beach, Austr\u00e1lia\" src=\"http:\/\/fotosurf.com.br\/surf\/fotos\/imagem\/2013\/04\/8612646466_2e3731a61f_b-295x130.jpg\" alt=\" \" width=\"295\" height=\"130\" \/><span class=\"entry-meta\"><span class=\"entry-comments\">0<\/span><abbr class=\"published\" title=\"2013-04-02T13:24:34+00:00\">2 de abril de 2013<\/abbr><\/span><\/a><\/div>\n<h3 class=\"entry-title\"><a href=\"http:\/\/fotosurf.com.br\/surf\/fotos\/index.php\/2013\/04\/wct\/confira-as-fotos-da-festa-de-adriano-de-souza-no-podio-do-rip-curl-pro\/\" rel=\"bookmark\">Confira as fotos da festa de Adriano de Souza no p\u00f3dio do Rip Curl Pro em Bell\u2019s Beach, Austr\u00e1lia<\/a><\/h3>\n<\/div>\n<div class=\"post-495 post type-post status-publish format-standard has-post-thumbnail hentry category-galerias category-wct tag-billabong-pipe-masters tag-joel-parkinson entry clearfix\">\n<div class=\"entry-thumbnails\"><a class=\"entry-thumbnails-link\" href=\"http:\/\/fotosurf.com.br\/surf\/fotos\/index.php\/2012\/12\/wct\/fotos-billabong-pipe-masters-joel-parkinson-e-campeao-mundial-de-surf-2012\/\"><img loading=\"lazy\" class=\"attachment-node-based-thumb wp-post-image\" title=\"FOTOS \u2013 Billabong Pipe Masters \u2013 Joel Parkinson \u00e9 campe\u00e3o mundial de Surf 2012\" src=\"http:\/\/fotosurf.com.br\/surf\/fotos\/imagem\/2012\/12\/bi-295x130.jpg\" alt=\"Billabong Pipe Masters in Memory of Andy Irons. FotoSurf: Asp \/ Images.  Confira fotos Menor \u2013  Billabong Pipe Masters in Memory of Andy Irons. FotoSurf: Asp \/ Images.  Confira fotos Menor \u2013  Ap\u00f3s o [\u2026]\" width=\"295\" height=\"130\" \/><span class=\"entry-meta\"><span class=\"entry-comments\">13<\/span><abbr class=\"published\" title=\"2012-12-15T01:09:32+00:00\">15 de dezembro de 2012<\/abbr><\/span><\/a><\/div>\n<h3 class=\"entry-title\"><a href=\"http:\/\/fotosurf.com.br\/surf\/fotos\/index.php\/2012\/12\/wct\/fotos-billabong-pipe-masters-joel-parkinson-e-campeao-mundial-de-surf-2012\/\" rel=\"bookmark\">FOTOS \u2013 Billabong Pipe Masters \u2013 Joel Parkinson \u00e9 campe\u00e3o mundial de Surf 2012<\/a><\/h3>\n<\/div>\n<\/div>\n<div class=\"clearfix\">\n<div class=\"post-478 post type-post status-publish format-standard hentry category-galerias category-wct entry clearfix\">\n<div class=\"entry-thumbnails\"><a class=\"entry-thumbnails-link\" href=\"http:\/\/fotosurf.com.br\/surf\/fotos\/index.php\/2012\/12\/wct\/billabong-pipe-masters-confira-fotos-do-segundo-dia\/\"><img loading=\"lazy\" class=\"attachment-node-based-thumb\" title=\"Billabong Pipe Masters \u2013 Confira fotos do segundo dia\" src=\"http:\/\/fotosurf.com.br\/surf\/fotos\/imagem\/2012\/12\/perrow3009pipe12kirtsin__large-295x130.jpg\" alt=\"Billabong Pipe Masters 2012, Pipeline, Hawaii. FotoSurf: ASP \/ Divulga\u00e7\u00e3o . Veja as fotos em tamanho Menor+\u2013 \u00a0 Mais um dia de ondas fant\u00e1sticas em Pipeline, com as direitas do Backdoor tamb\u00e9m [\u2026]\" width=\"295\" height=\"130\" \/><span class=\"entry-meta\"><span class=\"entry-comments\">9<\/span><abbr class=\"published\" title=\"2012-12-10T09:41:43+00:00\">10 de dezembro de 2012<\/abbr><\/span><\/a><\/div>\n<h3 class=\"entry-title\"><a href=\"http:\/\/fotosurf.com.br\/surf\/fotos\/index.php\/2012\/12\/wct\/billabong-pipe-masters-confira-fotos-do-segundo-dia\/\" rel=\"bookmark\">Billabong Pipe Masters \u2013 Confira fotos do segundo dia<\/a><\/h3>\n<\/div>\n<div class=\"post-471 post type-post status-publish format-standard hentry category-galerias category-wct entry clearfix\">\n<div class=\"entry-thumbnails\"><a class=\"entry-thumbnails-link\" href=\"http:\/\/fotosurf.com.br\/surf\/fotos\/index.php\/2012\/12\/wct\/billabong-pipe-masters-confira-fotos-do-primeiro-dia\/\"><img loading=\"lazy\" class=\"attachment-node-based-thumb\" title=\"Billabong Pipe Masters \u2013 Confira fotos do primeiro dia\" src=\"http:\/\/fotosurf.com.br\/surf\/fotos\/imagem\/2012\/12\/pupo_1522pipe12dunbar__large-295x130.jpg\" alt=\"Billabong Pipe Masters 2012, Pipeline, Hawaii. FotoSurf: ASP \/ Divulga\u00e7\u00e3o . Confira fotos em tamanho Menor + \u2013  \u2013  \u00a0 Com um drop incr\u00edvel em uma onda de mais de 3 metros [\u2026]\" width=\"295\" height=\"130\" \/><span class=\"entry-meta\"><span class=\"entry-comments\">20<\/span><abbr class=\"published\" title=\"2012-12-10T08:41:10+00:00\">10 de dezembro de 2012<\/abbr><\/span><\/a><\/div>\n<h3 class=\"entry-title\"><a href=\"http:\/\/fotosurf.com.br\/surf\/fotos\/index.php\/2012\/12\/wct\/billabong-pipe-masters-confira-fotos-do-primeiro-dia\/\" rel=\"bookmark\">Billabong Pipe Masters \u2013 Confira fotos do primeiro dia<\/a><\/h3>\n<\/div>\n<div class=\"post-446 post type-post status-publish format-standard hentry category-galerias category-wct entry clearfix\">\n<div class=\"entry-thumbnails\"><a class=\"entry-thumbnails-link\" href=\"http:\/\/fotosurf.com.br\/surf\/fotos\/index.php\/2012\/12\/wct\/fotos-das-finais-do-vans-world-cup-of-surfing-2012\/\"><img loading=\"lazy\" class=\"attachment-node-based-thumb\" title=\"Fotos das finais do Vans World Cup of Surfing 2012\" src=\"http:\/\/fotosurf.com.br\/surf\/fotos\/imagem\/2012\/12\/Gabriel-Medina-295x130.jpg\" alt=\"Vans World Cup of Surfing 2012, Sunset Beach, Hawaii. FotoSurf: \u00a9 ASP \/ Cestari. \u00a0 Gabriel Medina ficou com a segunda coloca\u00e7\u00e3o da Vans World Cup of Surfing, etapa Prime [\u2026]\" width=\"295\" height=\"130\" \/><span class=\"entry-meta\"><span class=\"entry-comments\">30<\/span><abbr class=\"published\" title=\"2012-12-05T22:10:11+00:00\">5 de dezembro de 2012<\/abbr><\/span><\/a><\/div>\n<h3 class=\"entry-title\"><a href=\"http:\/\/fotosurf.com.br\/surf\/fotos\/index.php\/2012\/12\/wct\/fotos-das-finais-do-vans-world-cup-of-surfing-2012\/\" rel=\"bookmark\">Fotos das finais do Vans World Cup of Surfing 2012<\/a><\/h3>\n<\/div>\n<\/div>\n<div class=\"clearfix\">\n<div class=\"post-418 post type-post status-publish format-standard hentry category-galerias category-wct entry clearfix\">\n<div class=\"entry-thumbnails\"><a class=\"entry-thumbnails-link\" href=\"http:\/\/fotosurf.com.br\/surf\/fotos\/index.php\/2012\/11\/wct\/fotos-vans-world-cup-of-surfing-primeiro-dia\/\"><img loading=\"lazy\" class=\"attachment-node-based-thumb\" title=\"FOTOS \u2013 Vans World Cup of Surfing \u2013 Primeiro dia\" src=\"http:\/\/fotosurf.com.br\/surf\/fotos\/imagem\/2012\/11\/Alex-Smith-295x130.jpg\" alt=\"Alb\u00fam \u2013 Vans World Cup of Surfing \u2013 Sunset Beach \u2013 Dia 1 \u2013 Ter\u00e7a-feira , 27 de novembro de 2012 \u2013 Fotos: ASP A Vans World Cup of Surfing [\u2026]\" width=\"295\" height=\"130\" \/><span class=\"entry-meta\"><span class=\"entry-comments\">6<\/span><abbr class=\"published\" title=\"2012-11-28T18:42:04+00:00\">28 de novembro de 2012<\/abbr><\/span><\/a><\/div>\n<h3 class=\"entry-title\"><a href=\"http:\/\/fotosurf.com.br\/surf\/fotos\/index.php\/2012\/11\/wct\/fotos-vans-world-cup-of-surfing-primeiro-dia\/\" rel=\"bookmark\">FOTOS \u2013 Vans World Cup of Surfing \u2013 Primeiro dia<\/a><\/h3>\n<\/div>\n<\/div>\n<\/div>\n<p><!-- .posts-default --><\/p>\n<div class=\"navigation clearfix\">\n<div class=\"floatleft\"><a href=\"http:\/\/fotosurf.com.br\/surf\/fotos\/index.php\/category\/wct\/page\/2\/\">Older Entries<\/a><\/div>\n<div class=\"floatright\"><\/div>\n<\/div>\n<\/div>\n<p><!-- #archive-posts --><\/p>\n<\/div>\n<p><!-- #content --><\/p>\n<\/div>\n<p><!-- #container --><\/p>\n<\/div>\n<\/div>\n","protected":false},"excerpt":{"rendered":"<p>Billabong Rio Pro 2014, Barra da Tijuca (RJ) Foto: \u00a9 ASP \/ Smorigo &nbsp; 028 de fevereiro de 2015 FOTOS<\/p>\n","protected":false},"author":1,"featured_media":881,"comment_status":"open","ping_status":"open","sticky":false,"template":"","format":"standard","meta":[],"categories":[6],"tags":[],"_links":{"self":[{"href":"http:\/\/fotosurf.com.br\/surf\/fotos\/index.php\/wp-json\/wp\/v2\/posts\/880"}],"collection":[{"href":"http:\/\/fotosurf.com.br\/surf\/fotos\/index.php\/wp-json\/wp\/v2\/posts"}],"about":[{"href":"http:\/\/fotosurf.com.br\/surf\/fotos\/index.php\/wp-json\/wp\/v2\/types\/post"}],"author":[{"embeddable":true,"href":"http:\/\/fotosurf.com.br\/surf\/fotos\/index.php\/wp-json\/wp\/v2\/users\/1"}],"replies":[{"embeddable":true,"href":"http:\/\/fotosurf.com.br\/surf\/fotos\/index.php\/wp-json\/wp\/v2\/comments?post=880"}],"version-history":[{"count":6,"href":"http:\/\/fotosurf.com.br\/surf\/fotos\/index.php\/wp-json\/wp\/v2\/posts\/880\/revisions"}],"predecessor-version":[{"id":1437,"href":"http:\/\/fotosurf.com.br\/surf\/fotos\/index.php\/wp-json\/wp\/v2\/posts\/880\/revisions\/1437"}],"wp:featuredmedia":[{"embeddable":true,"href":"http:\/\/fotosurf.com.br\/surf\/fotos\/index.php\/wp-json\/wp\/v2\/media\/881"}],"wp:attachment":[{"href":"http:\/\/fotosurf.com.br\/surf\/fotos\/index.php\/wp-json\/wp\/v2\/media?parent=880"}],"wp:term":[{"taxonomy":"category","embeddable":true,"href":"http:\/\/fotosurf.com.br\/surf\/fotos\/index.php\/wp-json\/wp\/v2\/categories?post=880"},{"taxonomy":"post_tag","embeddable":true,"href":"http:\/\/fotosurf.com.br\/surf\/fotos\/index.php\/wp-json\/wp\/v2\/tags?post=880"}],"curies":[{"name":"wp","href":"https:\/\/api.w.org\/{rel}","templated":true}]}}